{"id":5606,"date":"2026-03-11T10:15:11","date_gmt":"2026-03-11T09:15:11","guid":{"rendered":"https:\/\/www.up-vhs.ch\/?p=5606"},"modified":"2026-03-13T09:07:10","modified_gmt":"2026-03-13T08:07:10","slug":"quand-les-mains-et-les-pieds-parlent-en-visite-en-france","status":"publish","type":"post","link":"https:\/\/www.up-vhs.ch\/fr\/quand-les-mains-et-les-pieds-parlent-en-visite-en-france\/","title":{"rendered":"Quand les mains et les pieds parlent \u2013 en visite en France"},"content":{"rendered":"<p>La semaine derni\u00e8re, j\u2019ai eu l\u2019occasion de me rendre en France pour le compte de l\u2019Association des Universit\u00e9s populaires suisses. Soutenu par Movetia. J\u2019y ai effectu\u00e9 un job shadowing aupr\u00e8s de l\u2019IDEE Universit\u00e9 populaire \u00e0 Belfort. Pendant cinq jours, j\u2019ai observ\u00e9 le travail des collaboratrices et collaborateurs, pr\u00eat\u00e9 main-forte et particip\u00e9 \u00e0 diff\u00e9rents cours.<\/p>\n<p>Lors d\u2019un entretien avec la directrice Julie Jomin, j\u2019ai obtenu un aper\u00e7u approfondi des missions principales et du financement de cette Universit\u00e9 populaire fran\u00e7aise. Les neuf membres de l\u2019\u00e9quipe assurent \u00e0 la fois la direction, les t\u00e2ches administratives et l\u2019enseignement dans divers cours. Ils sont soutenus par des b\u00e9n\u00e9voles dans l\u2019\u00e9laboration de l\u2019offre de formation. L\u2019institution re\u00e7oit des subventions de la ville, du D\u00e9partement du Territoire de Belfort et de l\u2019\u00c9tat, ainsi que des contributions du Fonds social europ\u00e9en.<\/p>\n<p>Gr\u00e2ce \u00e0 ces financements publics, l\u2019IDEE Universit\u00e9 populaire peut proposer une offre de cours tr\u00e8s vari\u00e9e. Les frais d\u2019inscription d\u00e9pendent directement des moyens financiers des participants. Les cours de fran\u00e7ais pour personnes allophones font partie du mandat de l\u2019\u00c9tat, tout comme la formation continue pour les b\u00e9n\u00e9ficiaires de l\u2019aide sociale ou les ch\u00f4meurs de longue dur\u00e9e. L\u2019esprit social est profond\u00e9ment ancr\u00e9 et accompagne les collaborateurs dans leur travail quotidien.<\/p>\n<p>Les participants entretiennent des relations \u00e9troites et personnelles avec les formateurs. Des personnes de nationalit\u00e9s et d\u2019origines sociales tr\u00e8s diverses se retrouvent ensemble sur les bancs de l\u2019\u00e9cole. Elles participent activement aux cours et appr\u00e9cient les courtes discussions avec leur voisin de table. Avec les mains, les pieds, des images et un bloc-notes, les barri\u00e8res linguistiques sont surmont\u00e9es. Les malentendus sont accueillis par des rires \u2014 puis le cours continue.<\/p>\n<p>Pendant la pause de midi, l\u2019\u00e9quipe et moi avons pris le temps d\u2019explorer les diff\u00e9rences entre la France et la Suisse et de parler de tout et de rien. Personnellement, cette exp\u00e9rience a \u00e9t\u00e9 un apprentissage \u00e0 tous les niveaux : tant sur le plan professionnel que priv\u00e9, j\u2019ai pu recueillir de nombreuses id\u00e9es et impressions pr\u00e9cieuses.<\/p>\n<p>De plus, mes comp\u00e9tences en fran\u00e7ais ont \u00e9t\u00e9 remises \u00e0 jour. Un grand merci \u00e0 toute l\u2019\u00e9quipe de l\u2019IDEE Universit\u00e9 populaire pour son accueil chaleureux et pour sa volont\u00e9 de partager avec moi ses connaissances et ses exp\u00e9riences.<\/p>\n<p>Merci beaucoup et \u00e0 bient\u00f4t !<\/p>\n","protected":false},"excerpt":{"rendered":"<p>La semaine derni\u00e8re, j\u2019ai eu l\u2019occasion de me rendre en France pour le compte de l\u2019Association des Universit\u00e9s populaires suisses. Soutenu par Movetia. J\u2019y ai effectu\u00e9 un job shadowing aupr\u00e8s de l\u2019IDEE Universit\u00e9 populaire \u00e0 Belfort. Pendant cinq jours, j\u2019ai observ\u00e9 le travail des collaboratrices et collaborateurs, pr\u00eat\u00e9 main-forte et particip\u00e9 \u00e0 diff\u00e9rents cours. Lors [&hellip;]<\/p>\n","protected":false},"author":8,"featured_media":5581,"comment_status":"closed","ping_status":"closed","sticky":false,"template":"","format":"standard","meta":{"_acf_changed":false,"inline_featured_image":false,"footnotes":""},"categories":[29],"tags":[],"class_list":["post-5606","post","type-post","status-publish","format-standard","has-post-thumbnail","hentry","category-nouveautees"],"acf":[],"_links":{"self":[{"href":"https:\/\/www.up-vhs.ch\/fr\/wp-json\/wp\/v2\/posts\/5606","targetHints":{"allow":["GET"]}}],"collection":[{"href":"https:\/\/www.up-vhs.ch\/fr\/wp-json\/wp\/v2\/posts"}],"about":[{"href":"https:\/\/www.up-vhs.ch\/fr\/wp-json\/wp\/v2\/types\/post"}],"author":[{"embeddable":true,"href":"https:\/\/www.up-vhs.ch\/fr\/wp-json\/wp\/v2\/users\/8"}],"replies":[{"embeddable":true,"href":"https:\/\/www.up-vhs.ch\/fr\/wp-json\/wp\/v2\/comments?post=5606"}],"version-history":[{"count":2,"href":"https:\/\/www.up-vhs.ch\/fr\/wp-json\/wp\/v2\/posts\/5606\/revisions"}],"predecessor-version":[{"id":5608,"href":"https:\/\/www.up-vhs.ch\/fr\/wp-json\/wp\/v2\/posts\/5606\/revisions\/5608"}],"wp:featuredmedia":[{"embeddable":true,"href":"https:\/\/www.up-vhs.ch\/fr\/wp-json\/wp\/v2\/media\/5581"}],"wp:attachment":[{"href":"https:\/\/www.up-vhs.ch\/fr\/wp-json\/wp\/v2\/media?parent=5606"}],"wp:term":[{"taxonomy":"category","embeddable":true,"href":"https:\/\/www.up-vhs.ch\/fr\/wp-json\/wp\/v2\/categories?post=5606"},{"taxonomy":"post_tag","embeddable":true,"href":"https:\/\/www.up-vhs.ch\/fr\/wp-json\/wp\/v2\/tags?post=5606"}],"curies":[{"name":"wp","href":"https:\/\/api.w.org\/{rel}","templated":true}]}}